{"id":15808,"date":"2026-01-23T14:03:11","date_gmt":"2026-01-23T13:03:11","guid":{"rendered":"https:\/\/dev.oorlogsmuseummedemblik.nl\/15808\/"},"modified":"2026-06-18T07:48:15","modified_gmt":"2026-06-18T05:48:15","slug":"15808","status":"publish","type":"post","link":"https:\/\/oorlogsmuseummedemblik.nl\/de\/15808\/","title":{"rendered":""},"content":{"rendered":"\t\t<div data-elementor-type=\"wp-post\" data-elementor-id=\"15808\" class=\"elementor elementor-15808 elementor-14705\" data-elementor-post-type=\"post\">\n\t\t\t\t<div class=\"elementor-element elementor-element-7bc4cf4f e-flex e-con-boxed e-con e-parent\" data-id=\"7bc4cf4f\" data-element_type=\"container\" data-e-type=\"container\" data-settings=\"{&quot;jet_parallax_layout_list&quot;:[]}\">\n\t\t\t\t\t<div class=\"e-con-inner\">\n\t\t\t\t<div class=\"elementor-element elementor-element-785270a elementor-widget elementor-widget-heading\" data-id=\"785270a\" data-element_type=\"widget\" data-e-type=\"widget\" data-widget_type=\"heading.default\">\n\t\t\t\t<div class=\"elementor-widget-container\">\n\t\t\t\t\t<h2 class=\"elementor-heading-title elementor-size-default\">Ausstellung Ein zerbrochenes Zuhause<\/h2>\t\t\t\t<\/div>\n\t\t\t\t<\/div>\n\t\t\t\t<div class=\"elementor-element elementor-element-280c725b elementor-widget elementor-widget-text-editor\" data-id=\"280c725b\" data-element_type=\"widget\" data-e-type=\"widget\" data-widget_type=\"text-editor.default\">\n\t\t\t\t<div class=\"elementor-widget-container\">\n\t\t\t\t\t\t\t\t\t<figure class=\"wp-block-image size-large\"><img fetchpriority=\"high\" decoding=\"async\" width=\"1024\" height=\"521\" class=\"wp-image-14715\" src=\"https:\/\/oorlogsmuseummedemblik.nl\/wp-content\/uploads\/2026\/01\/Website-header-images-6-1024x521.png\" alt=\"\" srcset=\"https:\/\/oorlogsmuseummedemblik.nl\/wp-content\/uploads\/2026\/01\/Website-header-images-6-1024x521.png 1024w, https:\/\/oorlogsmuseummedemblik.nl\/wp-content\/uploads\/2026\/01\/Website-header-images-6-300x153.png 300w, https:\/\/oorlogsmuseummedemblik.nl\/wp-content\/uploads\/2026\/01\/Website-header-images-6-768x391.png 768w, https:\/\/oorlogsmuseummedemblik.nl\/wp-content\/uploads\/2026\/01\/Website-header-images-6-1536x782.png 1536w, https:\/\/oorlogsmuseummedemblik.nl\/wp-content\/uploads\/2026\/01\/Website-header-images-6-2048x1042.png 2048w\" sizes=\"(max-width: 1024px) 100vw, 1024px\" \/><\/figure>\n<p><\/p>\n<h2><strong>Regul\u00e4rer Besuch | Entdecken Sie Ein zerbrochenes Zuhause<\/strong><\/h2>\n<p><\/p>\n<p>Im Sommer 1942 \u00e4ndert sich das Leben der kleinen Siny f\u00fcr immer. Ihre Eltern, Herman und Ali, m\u00fcssen Entscheidungen treffen, die niemand jemals treffen sollte. Der Krieg lastet schwer auf ihrer jungen Familie. Als es zu gef\u00e4hrlich wird, bringen sie ihre Tochter in einem Heim unter, ohne zu wissen, was die Zukunft bringen wird.   <\/p>\n<p><\/p>\n<p>Siny ist erst ein Jahr alt, als sie zu Hans und Nel kommt, einem Hausarzt und seiner Frau in De Bilt. Sie haben kurz gez\u00f6gert, doch schon bald f\u00fchlt es sich an, als sei Siny ihre eigene Tochter. W\u00e4hrend sie in einem scheinbar ruhigen Dorf aufw\u00e4chst, lebt ihr Vater irgendwo im Norden unter falschem Namen und schlie\u00dft sich dem Widerstand an. Ihre Mutter taucht unter, weit weg von ihnen.   <\/p>\n<p><\/p>\n<p>Zwischen Angst und Hoffnung versucht jeder von ihnen zu \u00fcberleben, ohne zu wissen, ob sie einander jemals wiedersehen werden. Erst nach der Befreiung wird deutlich, was verloren ging und was mit viel Mut gerettet wurde. <\/p>\n<p><\/p>\n<p>Ein zerbrochenes Zuhause erz\u00e4hlt nicht nur die Geschichte eines Kindes, das in Kriegszeiten aufw\u00e4chst, sondern auch von der Kraft der Menschen, die es wagten zu helfen, und von den Wunden, die Generationen sp\u00e4ter noch sp\u00fcrbar sind.<\/p>\n<p><\/p>\n<p><\/p>\t\t\t\t\t\t\t\t<\/div>\n\t\t\t\t<\/div>\n\t\t\t\t<div class=\"elementor-element elementor-element-c53539d elementor-widget elementor-widget-button\" data-id=\"c53539d\" data-element_type=\"widget\" data-e-type=\"widget\" data-widget_type=\"button.default\">\n\t\t\t\t<div class=\"elementor-widget-container\">\n\t\t\t\t\t\t\t\t\t<div class=\"elementor-button-wrapper\">\n\t\t\t\t\t<a class=\"elementor-button elementor-button-link elementor-size-sm\" href=\"https:\/\/tickets.oorlogsmuseummedemblik.nl\/nl-NL\/tickets\">\n\t\t\t\t\t\t<span class=\"elementor-button-content-wrapper\">\n\t\t\t\t\t\t<span class=\"elementor-button-icon\">\n\t\t\t\t<i aria-hidden=\"true\" class=\"fas fa-ticket-alt\"><\/i>\t\t\t<\/span>\n\t\t\t\t\t\t\t\t\t<span class=\"elementor-button-text\">Tickets<\/span>\n\t\t\t\t\t<\/span>\n\t\t\t\t\t<\/a>\n\t\t\t\t<\/div>\n\t\t\t\t\t\t\t\t<\/div>\n\t\t\t\t<\/div>\n\t\t\t\t\t<\/div>\n\t\t\t\t<\/div>\n\t\t<div class=\"elementor-element elementor-element-1325c10 e-flex e-con-boxed e-con e-parent\" data-id=\"1325c10\" data-element_type=\"container\" data-e-type=\"container\" data-settings=\"{&quot;jet_parallax_layout_list&quot;:[]}\">\n\t\t\t\t\t<div class=\"e-con-inner\">\n\t\t\t\t<div class=\"elementor-element elementor-element-695cbd5 elementor-skin-carousel elementor-arrows-yes elementor-pagination-type-bullets elementor-pagination-position-outside elementor-widget elementor-widget-media-carousel\" data-id=\"695cbd5\" data-element_type=\"widget\" data-e-type=\"widget\" data-settings=\"{&quot;skin&quot;:&quot;carousel&quot;,&quot;effect&quot;:&quot;slide&quot;,&quot;show_arrows&quot;:&quot;yes&quot;,&quot;pagination&quot;:&quot;bullets&quot;,&quot;speed&quot;:500,&quot;autoplay&quot;:&quot;yes&quot;,&quot;autoplay_speed&quot;:5000,&quot;loop&quot;:&quot;yes&quot;,&quot;pause_on_hover&quot;:&quot;yes&quot;,&quot;pause_on_interaction&quot;:&quot;yes&quot;,&quot;space_between&quot;:{&quot;unit&quot;:&quot;px&quot;,&quot;size&quot;:10,&quot;sizes&quot;:[]},&quot;space_between_tablet&quot;:{&quot;unit&quot;:&quot;px&quot;,&quot;size&quot;:10,&quot;sizes&quot;:[]},&quot;space_between_mobile&quot;:{&quot;unit&quot;:&quot;px&quot;,&quot;size&quot;:10,&quot;sizes&quot;:[]}}\" data-widget_type=\"media-carousel.default\">\n\t\t\t\t<div class=\"elementor-widget-container\">\n\t\t\t\t\t\t\t\t\t<div class=\"elementor-swiper\">\n\t\t\t\t\t<div class=\"elementor-main-swiper swiper\" role=\"region\" aria-roledescription=\"carousel\" aria-label=\"Slider\">\n\t\t\t\t<div class=\"swiper-wrapper\">\n\t\t\t\t\t\t\t\t\t\t\t<div class=\"swiper-slide\" role=\"group\" aria-roledescription=\"slide\">\n\t\t\t\t\t\t\t\t\t<div class=\"elementor-carousel-image\" role=\"img\" aria-label=\"IMG_8748\" style=\"background-image: url(&#039;https:\/\/oorlogsmuseummedemblik.nl\/wp-content\/uploads\/2026\/01\/IMG_8748-scaled.jpg&#039;)\">\n\n\t\t\t\n\t\t\t\t\t<\/div>\n\t\t\t\t\t\t\t\t<\/div>\n\t\t\t\t\t\t\t\t\t\t\t<div class=\"swiper-slide\" role=\"group\" aria-roledescription=\"slide\">\n\t\t\t\t\t\t\t\t\t<div class=\"elementor-carousel-image\" role=\"img\" aria-label=\"IMG_8729\" style=\"background-image: url(&#039;https:\/\/oorlogsmuseummedemblik.nl\/wp-content\/uploads\/2026\/01\/IMG_8729-scaled.jpg&#039;)\">\n\n\t\t\t\n\t\t\t\t\t<\/div>\n\t\t\t\t\t\t\t\t<\/div>\n\t\t\t\t\t\t\t\t\t\t\t<div class=\"swiper-slide\" role=\"group\" aria-roledescription=\"slide\">\n\t\t\t\t\t\t\t\t\t<div class=\"elementor-carousel-image\" role=\"img\" aria-label=\"IMG_8741\" style=\"background-image: url(&#039;https:\/\/oorlogsmuseummedemblik.nl\/wp-content\/uploads\/2026\/01\/IMG_8741-scaled.jpg&#039;)\">\n\n\t\t\t\n\t\t\t\t\t<\/div>\n\t\t\t\t\t\t\t\t<\/div>\n\t\t\t\t\t\t\t\t\t\t\t<div class=\"swiper-slide\" role=\"group\" aria-roledescription=\"slide\">\n\t\t\t\t\t\t\t\t\t<div class=\"elementor-carousel-image\" role=\"img\" aria-label=\"IMG_8755\" style=\"background-image: url(&#039;https:\/\/oorlogsmuseummedemblik.nl\/wp-content\/uploads\/2026\/01\/IMG_8755-scaled.jpg&#039;)\">\n\n\t\t\t\n\t\t\t\t\t<\/div>\n\t\t\t\t\t\t\t\t<\/div>\n\t\t\t\t\t\t\t\t\t\t\t<div class=\"swiper-slide\" role=\"group\" aria-roledescription=\"slide\">\n\t\t\t\t\t\t\t\t\t<div class=\"elementor-carousel-image\" role=\"img\" aria-label=\"IMG_8721\" style=\"background-image: url(&#039;https:\/\/oorlogsmuseummedemblik.nl\/wp-content\/uploads\/2026\/01\/IMG_8721-scaled.jpg&#039;)\">\n\n\t\t\t\n\t\t\t\t\t<\/div>\n\t\t\t\t\t\t\t\t<\/div>\n\t\t\t\t\t\t\t\t\t<\/div>\n\t\t\t\t\t\t\t\t\t\t\t\t\t\t\t<div class=\"elementor-swiper-button elementor-swiper-button-prev\" role=\"button\" tabindex=\"0\" aria-label=\"Voriger\">\n\t\t\t\t\t\t\t<i aria-hidden=\"true\" class=\"eicon-chevron-left\"><\/i>\t\t\t\t\t\t<\/div>\n\t\t\t\t\t\t<div class=\"elementor-swiper-button elementor-swiper-button-next\" role=\"button\" tabindex=\"0\" aria-label=\"N\u00e4chster\">\n\t\t\t\t\t\t\t<i aria-hidden=\"true\" class=\"eicon-chevron-right\"><\/i>\t\t\t\t\t\t<\/div>\n\t\t\t\t\t\t\t\t\t\t\t\t\t\t\t\t<div class=\"swiper-pagination\"><\/div>\n\t\t\t\t\t\t\t\t\t\t\t\t<\/div>\n\t\t\t\t<\/div>\n\t\t\t\t\t\t\t\t<\/div>\n\t\t\t\t<\/div>\n\t\t<div class=\"elementor-element elementor-element-eb0c151 e-flex e-con-boxed e-con e-child\" data-id=\"eb0c151\" data-element_type=\"container\" data-e-type=\"container\" data-settings=\"{&quot;jet_parallax_layout_list&quot;:[]}\">\n\t\t\t\t\t<div class=\"e-con-inner\">\n\t\t\t\t\t<\/div>\n\t\t\t\t<\/div>\n\t\t\t\t\t<\/div>\n\t\t\t\t<\/div>\n\t\t\t\t<\/div>\n\t\t","protected":false},"excerpt":{"rendered":"<p>Ausstellung Ein zerbrochenes Zuhause Regul\u00e4rer Besuch | Entdecken Sie Ein zerbrochenes Zuhause Im Sommer 1942 \u00e4ndert sich das Leben der kleinen Siny f\u00fcr immer. Ihre Eltern, Herman und Ali, m\u00fcssen Entscheidungen treffen, die niemand jemals treffen sollte. Der Krieg lastet schwer auf ihrer jungen Familie. Als es zu gef\u00e4hrlich wird, bringen sie ihre Tochter in [&hellip;]<\/p>\n","protected":false},"author":6,"featured_media":15823,"comment_status":"closed","ping_status":"open","sticky":false,"template":"elementor_theme","format":"standard","meta":{"footnotes":""},"categories":[46],"tags":[],"class_list":["post-15808","post","type-post","status-publish","format-standard","has-post-thumbnail","hentry","category-unkategorisiert"],"yoast_head":"<!-- This site is optimized with the Yoast SEO plugin v27.9 - https:\/\/yoast.com\/product\/yoast-seo-wordpress\/ -->\n<title>- Oorlogsmuseum Medemblik<\/title>\n<meta name=\"robots\" content=\"index, follow, max-snippet:-1, max-image-preview:large, max-video-preview:-1\" \/>\n<link rel=\"canonical\" href=\"https:\/\/oorlogsmuseummedemblik.nl\/de\/15808\/\" \/>\n<meta property=\"og:locale\" content=\"de_DE\" \/>\n<meta property=\"og:type\" content=\"article\" \/>\n<meta property=\"og:title\" content=\"- Oorlogsmuseum Medemblik\" \/>\n<meta property=\"og:description\" content=\"Ausstellung Ein zerbrochenes Zuhause Regul\u00e4rer Besuch | Entdecken Sie Ein zerbrochenes Zuhause Im Sommer 1942 \u00e4ndert sich das Leben der kleinen Siny f\u00fcr immer. Ihre Eltern, Herman und Ali, m\u00fcssen Entscheidungen treffen, die niemand jemals treffen sollte. Der Krieg lastet schwer auf ihrer jungen Familie. Als es zu gef\u00e4hrlich wird, bringen sie ihre Tochter in [&hellip;]\" \/>\n<meta property=\"og:url\" content=\"https:\/\/oorlogsmuseummedemblik.nl\/de\/15808\/\" \/>\n<meta property=\"og:site_name\" content=\"Oorlogsmuseum Medemblik\" \/>\n<meta property=\"article:publisher\" content=\"https:\/\/www.facebook.com\/OorlogsmuseumMedemblik\/\" \/>\n<meta property=\"article:published_time\" content=\"2026-01-23T13:03:11+00:00\" \/>\n<meta property=\"article:modified_time\" content=\"2026-06-18T05:48:15+00:00\" \/>\n<meta property=\"og:image\" content=\"https:\/\/oorlogsmuseummedemblik.nl\/wp-content\/uploads\/2026\/01\/Website-header-images-9-1024x521.png\" \/>\n\t<meta property=\"og:image:width\" content=\"1024\" \/>\n\t<meta property=\"og:image:height\" content=\"521\" \/>\n\t<meta property=\"og:image:type\" content=\"image\/png\" \/>\n<meta name=\"author\" content=\"Janita Rustenburg - van de Kolk\" \/>\n<meta name=\"twitter:card\" content=\"summary_large_image\" \/>\n<meta name=\"twitter:label1\" content=\"Verfasst von\" \/>\n\t<meta name=\"twitter:data1\" content=\"Janita Rustenburg - van de Kolk\" \/>\n\t<meta name=\"twitter:label2\" content=\"Gesch\u00e4tzte Lesezeit\" \/>\n\t<meta name=\"twitter:data2\" content=\"1\u00a0Minute\" \/>\n<script type=\"application\/ld+json\" class=\"yoast-schema-graph\">{\"@context\":\"https:\\\/\\\/schema.org\",\"@graph\":[{\"@type\":\"Article\",\"@id\":\"https:\\\/\\\/oorlogsmuseummedemblik.nl\\\/de\\\/15808\\\/#article\",\"isPartOf\":{\"@id\":\"https:\\\/\\\/oorlogsmuseummedemblik.nl\\\/de\\\/15808\\\/\"},\"author\":{\"name\":\"Janita Rustenburg - van de Kolk\",\"@id\":\"https:\\\/\\\/oorlogsmuseummedemblik.nl\\\/de\\\/#\\\/schema\\\/person\\\/50daedc4858d795742bbc99424831495\"},\"headline\":\"Kein Titel\",\"datePublished\":\"2026-01-23T13:03:11+00:00\",\"dateModified\":\"2026-06-18T05:48:15+00:00\",\"mainEntityOfPage\":{\"@id\":\"https:\\\/\\\/oorlogsmuseummedemblik.nl\\\/de\\\/15808\\\/\"},\"wordCount\":220,\"publisher\":{\"@id\":\"https:\\\/\\\/oorlogsmuseummedemblik.nl\\\/de\\\/#organization\"},\"image\":{\"@id\":\"https:\\\/\\\/oorlogsmuseummedemblik.nl\\\/de\\\/15808\\\/#primaryimage\"},\"thumbnailUrl\":\"https:\\\/\\\/oorlogsmuseummedemblik.nl\\\/wp-content\\\/uploads\\\/2026\\\/01\\\/Website-header-images-9-scaled.png\",\"articleSection\":[\"Unkategorisiert\"],\"inLanguage\":\"de\"},{\"@type\":\"WebPage\",\"@id\":\"https:\\\/\\\/oorlogsmuseummedemblik.nl\\\/de\\\/15808\\\/\",\"url\":\"https:\\\/\\\/oorlogsmuseummedemblik.nl\\\/de\\\/15808\\\/\",\"name\":\"- Oorlogsmuseum Medemblik\",\"isPartOf\":{\"@id\":\"https:\\\/\\\/oorlogsmuseummedemblik.nl\\\/de\\\/#website\"},\"primaryImageOfPage\":{\"@id\":\"https:\\\/\\\/oorlogsmuseummedemblik.nl\\\/de\\\/15808\\\/#primaryimage\"},\"image\":{\"@id\":\"https:\\\/\\\/oorlogsmuseummedemblik.nl\\\/de\\\/15808\\\/#primaryimage\"},\"thumbnailUrl\":\"https:\\\/\\\/oorlogsmuseummedemblik.nl\\\/wp-content\\\/uploads\\\/2026\\\/01\\\/Website-header-images-9-scaled.png\",\"datePublished\":\"2026-01-23T13:03:11+00:00\",\"dateModified\":\"2026-06-18T05:48:15+00:00\",\"inLanguage\":\"de\",\"potentialAction\":[{\"@type\":\"ReadAction\",\"target\":[\"https:\\\/\\\/oorlogsmuseummedemblik.nl\\\/de\\\/15808\\\/\"]}]},{\"@type\":\"ImageObject\",\"inLanguage\":\"de\",\"@id\":\"https:\\\/\\\/oorlogsmuseummedemblik.nl\\\/de\\\/15808\\\/#primaryimage\",\"url\":\"https:\\\/\\\/oorlogsmuseummedemblik.nl\\\/wp-content\\\/uploads\\\/2026\\\/01\\\/Website-header-images-9-scaled.png\",\"contentUrl\":\"https:\\\/\\\/oorlogsmuseummedemblik.nl\\\/wp-content\\\/uploads\\\/2026\\\/01\\\/Website-header-images-9-scaled.png\",\"width\":2560,\"height\":1303},{\"@type\":\"WebSite\",\"@id\":\"https:\\\/\\\/oorlogsmuseummedemblik.nl\\\/de\\\/#website\",\"url\":\"https:\\\/\\\/oorlogsmuseummedemblik.nl\\\/de\\\/\",\"name\":\"Oorlogsmuseum Medemblik\",\"description\":\"Meer dan een museum\",\"publisher\":{\"@id\":\"https:\\\/\\\/oorlogsmuseummedemblik.nl\\\/de\\\/#organization\"},\"potentialAction\":[{\"@type\":\"SearchAction\",\"target\":{\"@type\":\"EntryPoint\",\"urlTemplate\":\"https:\\\/\\\/oorlogsmuseummedemblik.nl\\\/de\\\/?s={search_term_string}\"},\"query-input\":{\"@type\":\"PropertyValueSpecification\",\"valueRequired\":true,\"valueName\":\"search_term_string\"}}],\"inLanguage\":\"de\"},{\"@type\":\"Organization\",\"@id\":\"https:\\\/\\\/oorlogsmuseummedemblik.nl\\\/de\\\/#organization\",\"name\":\"Oorlogsmuseum Medemblik\",\"url\":\"https:\\\/\\\/oorlogsmuseummedemblik.nl\\\/de\\\/\",\"logo\":{\"@type\":\"ImageObject\",\"inLanguage\":\"de\",\"@id\":\"https:\\\/\\\/oorlogsmuseummedemblik.nl\\\/de\\\/#\\\/schema\\\/logo\\\/image\\\/\",\"url\":\"https:\\\/\\\/oorlogsmuseummedemblik.nl\\\/wp-content\\\/uploads\\\/2022\\\/09\\\/logo_oorlogsmuseummedemblik.svg\",\"contentUrl\":\"https:\\\/\\\/oorlogsmuseummedemblik.nl\\\/wp-content\\\/uploads\\\/2022\\\/09\\\/logo_oorlogsmuseummedemblik.svg\",\"caption\":\"Oorlogsmuseum Medemblik\"},\"image\":{\"@id\":\"https:\\\/\\\/oorlogsmuseummedemblik.nl\\\/de\\\/#\\\/schema\\\/logo\\\/image\\\/\"},\"sameAs\":[\"https:\\\/\\\/www.facebook.com\\\/OorlogsmuseumMedemblik\\\/\",\"https:\\\/\\\/www.instagram.com\\\/oorlogsmuseum_medemblik\\\/\",\"https:\\\/\\\/nl.linkedin.com\\\/company\\\/oorlogsmuseum-medemblik\",\"https:\\\/\\\/www.tiktok.com\\\/@oorlogsmuseum_medemblik\",\"https:\\\/\\\/www.youtube.com\\\/channel\\\/UC54ri211iD2xgWh16xR8Sew\"]},{\"@type\":\"Person\",\"@id\":\"https:\\\/\\\/oorlogsmuseummedemblik.nl\\\/de\\\/#\\\/schema\\\/person\\\/50daedc4858d795742bbc99424831495\",\"name\":\"Janita Rustenburg - van de Kolk\",\"sameAs\":[\"http:\\\/\\\/oorlogsmuseummedemblik.nl\"],\"url\":\"https:\\\/\\\/oorlogsmuseummedemblik.nl\\\/de\\\/author\\\/admin_janita\\\/\"}]}<\/script>\n<!-- \/ Yoast SEO plugin. -->","yoast_head_json":{"title":"- Oorlogsmuseum Medemblik","robots":{"index":"index","follow":"follow","max-snippet":"max-snippet:-1","max-image-preview":"max-image-preview:large","max-video-preview":"max-video-preview:-1"},"canonical":"https:\/\/oorlogsmuseummedemblik.nl\/de\/15808\/","og_locale":"de_DE","og_type":"article","og_title":"- Oorlogsmuseum Medemblik","og_description":"Ausstellung Ein zerbrochenes Zuhause Regul\u00e4rer Besuch | Entdecken Sie Ein zerbrochenes Zuhause Im Sommer 1942 \u00e4ndert sich das Leben der kleinen Siny f\u00fcr immer. Ihre Eltern, Herman und Ali, m\u00fcssen Entscheidungen treffen, die niemand jemals treffen sollte. Der Krieg lastet schwer auf ihrer jungen Familie. Als es zu gef\u00e4hrlich wird, bringen sie ihre Tochter in [&hellip;]","og_url":"https:\/\/oorlogsmuseummedemblik.nl\/de\/15808\/","og_site_name":"Oorlogsmuseum Medemblik","article_publisher":"https:\/\/www.facebook.com\/OorlogsmuseumMedemblik\/","article_published_time":"2026-01-23T13:03:11+00:00","article_modified_time":"2026-06-18T05:48:15+00:00","og_image":[{"width":1024,"height":521,"url":"https:\/\/oorlogsmuseummedemblik.nl\/wp-content\/uploads\/2026\/01\/Website-header-images-9-1024x521.png","type":"image\/png"}],"author":"Janita Rustenburg - van de Kolk","twitter_card":"summary_large_image","twitter_misc":{"Verfasst von":"Janita Rustenburg - van de Kolk","Gesch\u00e4tzte Lesezeit":"1\u00a0Minute"},"schema":{"@context":"https:\/\/schema.org","@graph":[{"@type":"Article","@id":"https:\/\/oorlogsmuseummedemblik.nl\/de\/15808\/#article","isPartOf":{"@id":"https:\/\/oorlogsmuseummedemblik.nl\/de\/15808\/"},"author":{"name":"Janita Rustenburg - van de Kolk","@id":"https:\/\/oorlogsmuseummedemblik.nl\/de\/#\/schema\/person\/50daedc4858d795742bbc99424831495"},"headline":"Kein Titel","datePublished":"2026-01-23T13:03:11+00:00","dateModified":"2026-06-18T05:48:15+00:00","mainEntityOfPage":{"@id":"https:\/\/oorlogsmuseummedemblik.nl\/de\/15808\/"},"wordCount":220,"publisher":{"@id":"https:\/\/oorlogsmuseummedemblik.nl\/de\/#organization"},"image":{"@id":"https:\/\/oorlogsmuseummedemblik.nl\/de\/15808\/#primaryimage"},"thumbnailUrl":"https:\/\/oorlogsmuseummedemblik.nl\/wp-content\/uploads\/2026\/01\/Website-header-images-9-scaled.png","articleSection":["Unkategorisiert"],"inLanguage":"de"},{"@type":"WebPage","@id":"https:\/\/oorlogsmuseummedemblik.nl\/de\/15808\/","url":"https:\/\/oorlogsmuseummedemblik.nl\/de\/15808\/","name":"- Oorlogsmuseum Medemblik","isPartOf":{"@id":"https:\/\/oorlogsmuseummedemblik.nl\/de\/#website"},"primaryImageOfPage":{"@id":"https:\/\/oorlogsmuseummedemblik.nl\/de\/15808\/#primaryimage"},"image":{"@id":"https:\/\/oorlogsmuseummedemblik.nl\/de\/15808\/#primaryimage"},"thumbnailUrl":"https:\/\/oorlogsmuseummedemblik.nl\/wp-content\/uploads\/2026\/01\/Website-header-images-9-scaled.png","datePublished":"2026-01-23T13:03:11+00:00","dateModified":"2026-06-18T05:48:15+00:00","inLanguage":"de","potentialAction":[{"@type":"ReadAction","target":["https:\/\/oorlogsmuseummedemblik.nl\/de\/15808\/"]}]},{"@type":"ImageObject","inLanguage":"de","@id":"https:\/\/oorlogsmuseummedemblik.nl\/de\/15808\/#primaryimage","url":"https:\/\/oorlogsmuseummedemblik.nl\/wp-content\/uploads\/2026\/01\/Website-header-images-9-scaled.png","contentUrl":"https:\/\/oorlogsmuseummedemblik.nl\/wp-content\/uploads\/2026\/01\/Website-header-images-9-scaled.png","width":2560,"height":1303},{"@type":"WebSite","@id":"https:\/\/oorlogsmuseummedemblik.nl\/de\/#website","url":"https:\/\/oorlogsmuseummedemblik.nl\/de\/","name":"Oorlogsmuseum Medemblik","description":"Meer dan een museum","publisher":{"@id":"https:\/\/oorlogsmuseummedemblik.nl\/de\/#organization"},"potentialAction":[{"@type":"SearchAction","target":{"@type":"EntryPoint","urlTemplate":"https:\/\/oorlogsmuseummedemblik.nl\/de\/?s={search_term_string}"},"query-input":{"@type":"PropertyValueSpecification","valueRequired":true,"valueName":"search_term_string"}}],"inLanguage":"de"},{"@type":"Organization","@id":"https:\/\/oorlogsmuseummedemblik.nl\/de\/#organization","name":"Oorlogsmuseum Medemblik","url":"https:\/\/oorlogsmuseummedemblik.nl\/de\/","logo":{"@type":"ImageObject","inLanguage":"de","@id":"https:\/\/oorlogsmuseummedemblik.nl\/de\/#\/schema\/logo\/image\/","url":"https:\/\/oorlogsmuseummedemblik.nl\/wp-content\/uploads\/2022\/09\/logo_oorlogsmuseummedemblik.svg","contentUrl":"https:\/\/oorlogsmuseummedemblik.nl\/wp-content\/uploads\/2022\/09\/logo_oorlogsmuseummedemblik.svg","caption":"Oorlogsmuseum Medemblik"},"image":{"@id":"https:\/\/oorlogsmuseummedemblik.nl\/de\/#\/schema\/logo\/image\/"},"sameAs":["https:\/\/www.facebook.com\/OorlogsmuseumMedemblik\/","https:\/\/www.instagram.com\/oorlogsmuseum_medemblik\/","https:\/\/nl.linkedin.com\/company\/oorlogsmuseum-medemblik","https:\/\/www.tiktok.com\/@oorlogsmuseum_medemblik","https:\/\/www.youtube.com\/channel\/UC54ri211iD2xgWh16xR8Sew"]},{"@type":"Person","@id":"https:\/\/oorlogsmuseummedemblik.nl\/de\/#\/schema\/person\/50daedc4858d795742bbc99424831495","name":"Janita Rustenburg - van de Kolk","sameAs":["http:\/\/oorlogsmuseummedemblik.nl"],"url":"https:\/\/oorlogsmuseummedemblik.nl\/de\/author\/admin_janita\/"}]}},"_links":{"self":[{"href":"https:\/\/oorlogsmuseummedemblik.nl\/de\/wp-json\/wp\/v2\/posts\/15808","targetHints":{"allow":["GET"]}}],"collection":[{"href":"https:\/\/oorlogsmuseummedemblik.nl\/de\/wp-json\/wp\/v2\/posts"}],"about":[{"href":"https:\/\/oorlogsmuseummedemblik.nl\/de\/wp-json\/wp\/v2\/types\/post"}],"author":[{"embeddable":true,"href":"https:\/\/oorlogsmuseummedemblik.nl\/de\/wp-json\/wp\/v2\/users\/6"}],"replies":[{"embeddable":true,"href":"https:\/\/oorlogsmuseummedemblik.nl\/de\/wp-json\/wp\/v2\/comments?post=15808"}],"version-history":[{"count":5,"href":"https:\/\/oorlogsmuseummedemblik.nl\/de\/wp-json\/wp\/v2\/posts\/15808\/revisions"}],"predecessor-version":[{"id":15845,"href":"https:\/\/oorlogsmuseummedemblik.nl\/de\/wp-json\/wp\/v2\/posts\/15808\/revisions\/15845"}],"wp:featuredmedia":[{"embeddable":true,"href":"https:\/\/oorlogsmuseummedemblik.nl\/de\/wp-json\/wp\/v2\/media\/15823"}],"wp:attachment":[{"href":"https:\/\/oorlogsmuseummedemblik.nl\/de\/wp-json\/wp\/v2\/media?parent=15808"}],"wp:term":[{"taxonomy":"category","embeddable":true,"href":"https:\/\/oorlogsmuseummedemblik.nl\/de\/wp-json\/wp\/v2\/categories?post=15808"},{"taxonomy":"post_tag","embeddable":true,"href":"https:\/\/oorlogsmuseummedemblik.nl\/de\/wp-json\/wp\/v2\/tags?post=15808"}],"curies":[{"name":"wp","href":"https:\/\/api.w.org\/{rel}","templated":true}]}}